{"id":6637,"date":"2024-11-01T07:00:31","date_gmt":"2024-11-01T07:00:31","guid":{"rendered":"https:\/\/gm-techlinkspanish.com\/?p=6637"},"modified":"2025-01-06T20:27:06","modified_gmt":"2025-01-06T20:27:06","slug":"traqueteo-de-microfono-anc","status":"publish","type":"post","link":"https:\/\/gm-techlinkspanish.com\/?p=6637","title":{"rendered":"Traqueteo de micr\u00f3fono ANC"},"content":{"rendered":"<p style=\"font-weight: 400;\">Puede haber un sonido de vibraci\u00f3n o traqueteo en la carrocer\u00eda del veh\u00edculo en algunos modelos Equinox 2025. La vibraci\u00f3n o traqueteo puede ser m\u00e1s perceptible bajo carga ligera, con el motor a 1,800 \u2013 2,000 rpm.<\/p>\n<p style=\"font-weight: 400;\">La condici\u00f3n de traqueteo puede deberse al sistema de Cancelaci\u00f3n activa de ruido (ANC).<\/p>\n<p style=\"font-weight: 400;\">Comience el diagn\u00f3stico revisando los micr\u00f3fonos ANC, que pueden no estar completamente asentados en cada retenedor del recubrimiento interior del techo, causando que la salida del sistema ANC a los altavoces vibre o traquetee en la carrocer\u00eda (Fig. 15)<\/p>\n<p>&nbsp;<\/p>\n<p style=\"font-weight: 400; text-align: center;\"><img loading=\"lazy\" decoding=\"async\" class=\"aligncenter size-full wp-image-19205\" src=\"https:\/\/gm-techlink.com\/wp-content\/uploads\/2024\/11\/F15-ANC-1.png\" alt=\"\" width=\"740\" height=\"480\" \/><strong>Fig. 15<\/strong><\/p>\n<p>&nbsp;<\/p>\n<p style=\"font-weight: 400;\">Si se encuentra una condici\u00f3n de traqueteo, realice una prueba de conducci\u00f3n del veh\u00edculo para verificar que el traqueteo en la carrocer\u00eda est\u00e9 presente. Durante la prueba de conducci\u00f3n, eleve las rpm del motor al rango donde ocurre el sonido. Una vez que el sonido est\u00e9 activo, mantenga la velocidad del motor y desactive el sistema ANC para determinar si el sonido se detiene.<\/p>\n<p style=\"font-weight: 400;\">Una vez que verifique que el sistema ANC es la fuente del sonido, revise que los cuatro micr\u00f3fonos ANC est\u00e9n colocados adecuadamente en el recubrimiento interior del techo. Utilice una herramienta de recorte de pl\u00e1stico adecuada para liberar las leng\u00fcetas de retenci\u00f3n y retire la rejilla del micr\u00f3fono del recubrimiento interior del techo. Si el micr\u00f3fono ANC est\u00e1 colocado adecuadamente, no se debe mover cuando se presione suavemente. (Fig. 16)<\/p>\n<p>&nbsp;<\/p>\n<p style=\"font-weight: 400; text-align: center;\"><img loading=\"lazy\" decoding=\"async\" class=\"aligncenter size-full wp-image-19206\" src=\"https:\/\/gm-techlink.com\/wp-content\/uploads\/2024\/11\/F16-ANC-3.png\" alt=\"\" width=\"740\" height=\"480\" \/><strong>Fig. 16<\/strong><\/p>\n<p>&nbsp;<\/p>\n<p style=\"font-weight: 400;\">Si cualquiera de los micr\u00f3fonos ANC est\u00e1 fuera de posici\u00f3n, baje la esquina apropiada del recubrimiento interior del techo e instale completamente el micr\u00f3fono en el retenedor. No es necesario retirar el recubrimiento interior del techo para tener acceso a los micr\u00f3fonos. S\u00f3lo baje la(s) esquina(s) del recubrimiento interior del techo que requiere acceso al micr\u00f3fono. (Fig. 17) Consulte Desinstalaci\u00f3n e instalaci\u00f3n del tablero de moldura del recubrimiento interior del techo en la Informaci\u00f3n de servicio apropiada.<\/p>\n<p>&nbsp;<\/p>\n<p style=\"font-weight: 400; text-align: center;\"><img loading=\"lazy\" decoding=\"async\" class=\"aligncenter size-full wp-image-19207\" src=\"https:\/\/gm-techlink.com\/wp-content\/uploads\/2024\/11\/F17-ANC-2.png\" alt=\"\" width=\"740\" height=\"480\" \/><strong>Fig. 17<\/strong><\/p>\n<p>&nbsp;<\/p>\n<p style=\"font-weight: 400;\">Para m\u00e1s informaci\u00f3n sobre la condici\u00f3n de micr\u00f3fonos ANC, consulte el Bolet\u00edn #24-NA-182.<\/p>\n<p style=\"font-weight: 400;\">Si todav\u00eda hay un problema de desempe\u00f1o de ANC despu\u00e9s de revisar la instalaci\u00f3n adecuada de los micr\u00f3fonos ANC, actualice el radio con el software m\u00e1s reciente, que contiene una nueva calibraci\u00f3n para el sistema ANC. Consulte Radio A11: Programaci\u00f3n y configuraci\u00f3n en la Informaci\u00f3n de servicio correspondiente.<\/p>\n<p style=\"font-weight: 400;\">Para m\u00e1s detalles sobre la calibraci\u00f3n de ANC, consulte el Bolet\u00edn #24-NA-227.<\/p>\n<p style=\"font-weight: 400;\"><em>&#8211; Gracias a Rob Smith<\/em><\/p>\n<p style=\"font-weight: 400;\">\n","protected":false},"excerpt":{"rendered":"<p>Puede haber un sonido de vibraci\u00f3n o traqueteo en la carrocer\u00eda del veh\u00edculo en algunos modelos Equinox 2025. La vibraci\u00f3n o traqueteo puede ser m\u00e1s perceptible bajo carga ligera, con [&hellip;]<\/p>\n","protected":false},"author":1,"featured_media":0,"comment_status":"closed","ping_status":"closed","sticky":false,"template":"","format":"standard","meta":{"footnotes":""},"categories":[73],"tags":[],"class_list":["post-6637","post","type-post","status-publish","format-standard","hentry","category-2024-november"],"_links":{"self":[{"href":"https:\/\/gm-techlinkspanish.com\/index.php?rest_route=\/wp\/v2\/posts\/6637","targetHints":{"allow":["GET"]}}],"collection":[{"href":"https:\/\/gm-techlinkspanish.com\/index.php?rest_route=\/wp\/v2\/posts"}],"about":[{"href":"https:\/\/gm-techlinkspanish.com\/index.php?rest_route=\/wp\/v2\/types\/post"}],"author":[{"embeddable":true,"href":"https:\/\/gm-techlinkspanish.com\/index.php?rest_route=\/wp\/v2\/users\/1"}],"replies":[{"embeddable":true,"href":"https:\/\/gm-techlinkspanish.com\/index.php?rest_route=%2Fwp%2Fv2%2Fcomments&post=6637"}],"version-history":[{"count":2,"href":"https:\/\/gm-techlinkspanish.com\/index.php?rest_route=\/wp\/v2\/posts\/6637\/revisions"}],"predecessor-version":[{"id":6639,"href":"https:\/\/gm-techlinkspanish.com\/index.php?rest_route=\/wp\/v2\/posts\/6637\/revisions\/6639"}],"wp:attachment":[{"href":"https:\/\/gm-techlinkspanish.com\/index.php?rest_route=%2Fwp%2Fv2%2Fmedia&parent=6637"}],"wp:term":[{"taxonomy":"category","embeddable":true,"href":"https:\/\/gm-techlinkspanish.com\/index.php?rest_route=%2Fwp%2Fv2%2Fcategories&post=6637"},{"taxonomy":"post_tag","embeddable":true,"href":"https:\/\/gm-techlinkspanish.com\/index.php?rest_route=%2Fwp%2Fv2%2Ftags&post=6637"}],"curies":[{"name":"wp","href":"https:\/\/api.w.org\/{rel}","templated":true}]}}